{"id":3021,"date":"2023-03-17T17:17:57","date_gmt":"2023-03-17T20:17:57","guid":{"rendered":"https:\/\/ies9026-infd.mendoza.edu.ar\/sitio\/?p=3021"},"modified":"2026-08-31T16:56:03","modified_gmt":"2026-08-31T19:56:03","slug":"primeros-auxilios-rcp-basico-dea-y-asfixia","status":"publish","type":"post","link":"https:\/\/ies9026-infd.mendoza.edu.ar\/sitio\/primeros-auxilios-rcp-basico-dea-y-asfixia\/","title":{"rendered":"Primeros Auxilios: RCP b\u00e1sico, <strong>DEA y Asfixia<\/strong>"},"content":{"rendered":"\n<ul>\n<li class=\"has-small-font-size\"><strong>Mail de consulta del curso<\/strong>: cursosies9026@gmail.com<\/li>\n\n\n\n<li class=\"has-small-font-size\">La <strong>fecha de Inicio<\/strong> del cursado y<strong> Arancel<\/strong> se modifica a\u00f1o tras a\u00f1o. <\/li>\n\n\n\n<li class=\"has-small-font-size\">Tomar como referencia la fecha publicada en las redes sociales de la instituci\u00f3n.<\/li>\n<\/ul>\n\n\n\n<figure class=\"wp-block-gallery has-nested-images columns-default is-cropped wp-block-gallery-1 is-layout-flex\"><div class=\"wp-block-image\">\n<figure class=\"aligncenter size-thumbnail\"><img decoding=\"async\" loading=\"lazy\" width=\"500\" height=\"500\" data-id=\"3766\"  src=\"https:\/\/ies9026-infd.mendoza.edu.ar\/sitio\/wp-content\/uploads\/2024\/09\/rcp-des-edited-500x500.png\" alt=\"\" class=\"wp-image-3766\" srcset=\"https:\/\/ies9026-infd.mendoza.edu.ar\/sitio\/wp-content\/uploads\/2024\/09\/rcp-des-edited-500x500.png 500w, https:\/\/ies9026-infd.mendoza.edu.ar\/sitio\/wp-content\/uploads\/2024\/09\/rcp-des-edited-1000x1000.png 1000w, https:\/\/ies9026-infd.mendoza.edu.ar\/sitio\/wp-content\/uploads\/2024\/09\/rcp-des-edited-768x768.png 768w, https:\/\/ies9026-infd.mendoza.edu.ar\/sitio\/wp-content\/uploads\/2024\/09\/rcp-des-edited.png 1468w\" sizes=\"(max-width: 500px) 100vw, 500px\" \/><\/figure><\/div><\/figure>\n\n\n\n<ul>\n<li class=\"has-small-font-size\"><strong>DICTADO POR:<\/strong> Maximiliano Senatore<\/li>\n\n\n\n<li class=\"has-small-font-size\"><strong>MODALIDAD<\/strong>: Presencial y aula virtual<\/li>\n\n\n\n<li class=\"has-small-font-size\"><strong>HORARIO:<\/strong>\u00a019:00 a 21:00 hs<\/li>\n\n\n\n<li class=\"has-small-font-size\">INICIO: 15\/9\/2026<\/li>\n\n\n\n<li class=\"has-small-font-size\"><strong>ENCUENTROS:<\/strong>&nbsp;Sujetas a reprogramaci\u00f3n ante cualquier variaci\u00f3n e imprevisto.\n<ul>\n<li>Martes: 15\/09 &#8211; 22\/09 &#8211; 29\/09 &#8211; 06\/10<\/li>\n<\/ul>\n<\/li>\n\n\n\n<li class=\"has-small-font-size\"><strong>ARANCEL:<\/strong>\n<ul>\n<li>1 cuota de $45.000 o 2 cuotas de $24.500<\/li>\n<\/ul>\n<\/li>\n\n\n\n<li class=\"has-small-font-size\">Confirmaci\u00f3n de inscripci\u00f3n \u00fanicamente con comprobante de pago, sin excepci\u00f3n<\/li>\n\n\n\n<li class=\"has-small-font-size\"><strong>Medios de pago<\/strong>\n<ul>\n<li>Alias: patriagrande.vp<\/li>\n\n\n\n<li>Efectivo: Cooperadora, Lunes, Mi\u00e9rcoles y Viernes de 15:30 a 21 hs, Martes y Jueves de 18 a 21 hs.<\/li>\n<\/ul>\n<\/li>\n\n\n\n<li class=\"has-small-font-size\"><strong>CERTIFICACI\u00d3N: documentaci\u00f3n obligatoria para certificar:<\/strong> a entregar el primer d\u00eda de cursado presencial para conformar tu legajo: DNI &#8211; Partida de nacimiento &#8211; T\u00edtulo o certificado de alumno regular.<\/li>\n\n\n\n<li class=\"has-small-font-size\"><strong>MEDIO DE COMUNICACI\u00d3N OFICIAL<\/strong>: cursosies9026@gmail.com<\/li>\n<\/ul>\n\n\n\n<h2 class=\"wp-block-heading has-medium-font-size\">Link de\u00a0<strong><a href=\"https:\/\/forms.gle\/afNdzPNVBQpiY4Wy8\" target=\"_blank\" rel=\"noreferrer noopener\">INSCRIPCI\u00d3N<\/a><\/strong><\/h2>\n\n\n\n<p class=\"has-small-font-size\">Sujeto a formaci\u00f3n del grupo, m\u00ednimo 10 personas, m\u00e1ximo 20.<\/p>\n\n\n\n<p class=\"has-small-font-size\"><strong>Certificaci\u00f3n:<\/strong>&nbsp;Se entrega 10 d\u00edas h\u00e1biles luego de la terminaci\u00f3n del curso.<\/p>\n","protected":false},"excerpt":{"rendered":"<p>Link de\u00a0INSCRIPCI\u00d3N Sujeto a formaci\u00f3n del grupo, m\u00ednimo 10 personas, m\u00e1ximo 20. Certificaci\u00f3n:&nbsp;Se entrega 10 d\u00edas h\u00e1biles luego de la terminaci\u00f3n del curso.<\/p>\n","protected":false},"author":635,"featured_media":0,"comment_status":"closed","ping_status":"closed","sticky":false,"template":"","format":"standard","meta":[],"categories":[15],"tags":[],"acf":[],"_links":{"self":[{"href":"https:\/\/ies9026-infd.mendoza.edu.ar\/sitio\/wp-json\/wp\/v2\/posts\/3021"}],"collection":[{"href":"https:\/\/ies9026-infd.mendoza.edu.ar\/sitio\/wp-json\/wp\/v2\/posts"}],"about":[{"href":"https:\/\/ies9026-infd.mendoza.edu.ar\/sitio\/wp-json\/wp\/v2\/types\/post"}],"author":[{"embeddable":true,"href":"https:\/\/ies9026-infd.mendoza.edu.ar\/sitio\/wp-json\/wp\/v2\/users\/635"}],"replies":[{"embeddable":true,"href":"https:\/\/ies9026-infd.mendoza.edu.ar\/sitio\/wp-json\/wp\/v2\/comments?post=3021"}],"version-history":[{"count":27,"href":"https:\/\/ies9026-infd.mendoza.edu.ar\/sitio\/wp-json\/wp\/v2\/posts\/3021\/revisions"}],"predecessor-version":[{"id":4505,"href":"https:\/\/ies9026-infd.mendoza.edu.ar\/sitio\/wp-json\/wp\/v2\/posts\/3021\/revisions\/4505"}],"wp:attachment":[{"href":"https:\/\/ies9026-infd.mendoza.edu.ar\/sitio\/wp-json\/wp\/v2\/media?parent=3021"}],"wp:term":[{"taxonomy":"category","embeddable":true,"href":"https:\/\/ies9026-infd.mendoza.edu.ar\/sitio\/wp-json\/wp\/v2\/categories?post=3021"},{"taxonomy":"post_tag","embeddable":true,"href":"https:\/\/ies9026-infd.mendoza.edu.ar\/sitio\/wp-json\/wp\/v2\/tags?post=3021"}],"curies":[{"name":"wp","href":"https:\/\/api.w.org\/{rel}","templated":true}]}}