{"id":3167,"date":"2023-06-02T10:45:55","date_gmt":"2023-06-02T13:45:55","guid":{"rendered":"https:\/\/ies9026-infd.mendoza.edu.ar\/sitio\/?p=3167"},"modified":"2023-06-08T11:43:41","modified_gmt":"2023-06-08T14:43:41","slug":"convocatoria-2023","status":"publish","type":"post","link":"https:\/\/ies9026-infd.mendoza.edu.ar\/sitio\/convocatoria-2023\/","title":{"rendered":"Convocatoria 2023"},"content":{"rendered":"\n<p>Apertura a la Convocatoria 2023, a <a href=\"https:\/\/ies9026-infd.mendoza.edu.ar\/sitio\/proyectos-de-investigacion\/\" target=\"_blank\" rel=\"noreferrer noopener\">proyectos de investigaci\u00f3n<\/a> de institutos superiores de formaci\u00f3n docente.<\/p>\n\n\n\n<p>El foco de las investigaciones debe ser los \u00abniveles educativos obligatorios\u00bb.<\/p>\n\n\n\n<div class=\"wp-block-media-text alignwide has-media-on-the-right is-stacked-on-mobile\"><div class=\"wp-block-media-text__content\">\n<p>El Instituto Nacional de Formaci\u00f3n Docente (INFoD), a trav\u00e9s de esta nueva convocatoria, renueva su compromiso con la consolidaci\u00f3n de la investigaci\u00f3n en el nivel Superior y en los Institutos Superiores de Formaci\u00f3n Docente (ISFD) de todo el pa\u00eds. Y lo hace en el marco de la Pol\u00edtica 6 del Plan Nacional de Formaci\u00f3n Docente 2023-2024 \u201cInvestigaci\u00f3n, desarrollo y producci\u00f3n de conocimiento en el sistema formador\u201d, cuyo objetivo es valorar los saberes como insumos para dise\u00f1ar e implementar estrategias de mejora de los procesos de ense\u00f1anza y de aprendizaje que tienen lugar en los niveles obligatorios. En el mismo sentido, busca retroalimentar la formaci\u00f3n docente inicial y continua.<\/p>\n<\/div><figure class=\"wp-block-media-text__media\"><img decoding=\"async\" loading=\"lazy\" width=\"940\" height=\"788\" src=\"https:\/\/ies9026-infd.mendoza.edu.ar\/sitio\/wp-content\/uploads\/2023\/05\/CONVOCATORIA-4.png\" alt=\"\" class=\"wp-image-3151 size-full\" srcset=\"https:\/\/ies9026-infd.mendoza.edu.ar\/sitio\/wp-content\/uploads\/2023\/05\/CONVOCATORIA-4.png 940w, https:\/\/ies9026-infd.mendoza.edu.ar\/sitio\/wp-content\/uploads\/2023\/05\/CONVOCATORIA-4-768x644.png 768w\" sizes=\"(max-width: 940px) 100vw, 940px\" \/><\/figure><\/div>\n\n\n\n<h2 class=\"wp-block-heading\"><strong><mark style=\"background-color:rgba(0, 0, 0, 0);color:#f87004\" class=\"has-inline-color\">\u00bfQui\u00e9nes pueden participar?<\/mark><\/strong><\/h2>\n\n\n\n<p>Equipos de investigaci\u00f3n institucionales e interinstitucionales de formaci\u00f3n docente de los ISFD de gesti\u00f3n estatal de todo el pa\u00eds.<\/p>\n\n\n\n<h2 class=\"wp-block-heading\"><mark style=\"background-color:rgba(0, 0, 0, 0);color:#f87004\" class=\"has-inline-color\">\u00bfCu\u00e1l ser\u00e1 la duraci\u00f3n?<\/mark><\/h2>\n\n\n\n<p>Los proyectos de investigaci\u00f3n tendr\u00e1n una duraci\u00f3n de hasta 12 meses.<\/p>\n\n\n\n<h2 class=\"wp-block-heading\"><strong><mark style=\"background-color:rgba(0, 0, 0, 0);color:#f87004\" class=\"has-inline-color\">\u00bfCu\u00e1les son las \u00e1reas tem\u00e1ticas?<\/mark><\/strong><\/h2>\n\n\n\n<ul>\n<li>Las disciplinas, contenidos transversales y su ense\u00f1anza<\/li>\n\n\n\n<li>Trayectorias de los estudiantes<\/li>\n\n\n\n<li>Las instituciones y las condiciones de participaci\u00f3n y convivencia<\/li>\n<\/ul>\n\n\n\n<h2 class=\"wp-block-heading\">El cierre de la presentaci\u00f3n de los proyectos es el 23 de junio.<\/h2>\n\n\n\n<p>Montos asignados ir\u00e1n de 500.000 a 1.800.000 pesos.<\/p>\n\n\n\n<p>Para conocer m\u00e1s detalles y toda la informaci\u00f3n sobre la convocatoria, entra al siguiente enlace: <a href=\"https:\/\/red.infd.edu.ar\/convocatoria-2023-proyectos-investigacion-isfd-infod\/\">https:\/\/red.infd.edu.ar\/convocatoria-2023-proyectos-investigacion-isfd-infod\/<\/a><\/p>\n","protected":false},"excerpt":{"rendered":"<p>Apertura a la Convocatoria 2023, a proyectos de investigaci\u00f3n de institutos superiores de formaci\u00f3n docente. El foco de las investigaciones debe ser los \u00abniveles educativos obligatorios\u00bb. El Instituto Nacional de Formaci\u00f3n Docente (INFoD), a trav\u00e9s de esta nueva convocatoria, renueva su compromiso con la consolidaci\u00f3n de la investigaci\u00f3n en el nivel Superior y en los &#8230; <a title=\"Convocatoria 2023\" class=\"read-more\" href=\"https:\/\/ies9026-infd.mendoza.edu.ar\/sitio\/convocatoria-2023\/\" aria-label=\"More on Convocatoria 2023\">[+]<\/a><\/p>\n","protected":false},"author":76,"featured_media":0,"comment_status":"open","ping_status":"open","sticky":false,"template":"","format":"standard","meta":[],"categories":[1],"tags":[],"acf":[],"_links":{"self":[{"href":"https:\/\/ies9026-infd.mendoza.edu.ar\/sitio\/wp-json\/wp\/v2\/posts\/3167"}],"collection":[{"href":"https:\/\/ies9026-infd.mendoza.edu.ar\/sitio\/wp-json\/wp\/v2\/posts"}],"about":[{"href":"https:\/\/ies9026-infd.mendoza.edu.ar\/sitio\/wp-json\/wp\/v2\/types\/post"}],"author":[{"embeddable":true,"href":"https:\/\/ies9026-infd.mendoza.edu.ar\/sitio\/wp-json\/wp\/v2\/users\/76"}],"replies":[{"embeddable":true,"href":"https:\/\/ies9026-infd.mendoza.edu.ar\/sitio\/wp-json\/wp\/v2\/comments?post=3167"}],"version-history":[{"count":2,"href":"https:\/\/ies9026-infd.mendoza.edu.ar\/sitio\/wp-json\/wp\/v2\/posts\/3167\/revisions"}],"predecessor-version":[{"id":3181,"href":"https:\/\/ies9026-infd.mendoza.edu.ar\/sitio\/wp-json\/wp\/v2\/posts\/3167\/revisions\/3181"}],"wp:attachment":[{"href":"https:\/\/ies9026-infd.mendoza.edu.ar\/sitio\/wp-json\/wp\/v2\/media?parent=3167"}],"wp:term":[{"taxonomy":"category","embeddable":true,"href":"https:\/\/ies9026-infd.mendoza.edu.ar\/sitio\/wp-json\/wp\/v2\/categories?post=3167"},{"taxonomy":"post_tag","embeddable":true,"href":"https:\/\/ies9026-infd.mendoza.edu.ar\/sitio\/wp-json\/wp\/v2\/tags?post=3167"}],"curies":[{"name":"wp","href":"https:\/\/api.w.org\/{rel}","templated":true}]}}