{"id":3758,"date":"2024-08-26T12:46:07","date_gmt":"2024-08-26T15:46:07","guid":{"rendered":"https:\/\/ies9026-infd.mendoza.edu.ar\/sitio\/?p=3758"},"modified":"2026-04-30T11:27:50","modified_gmt":"2026-04-30T14:27:50","slug":"curso-de-oratoria","status":"publish","type":"post","link":"https:\/\/ies9026-infd.mendoza.edu.ar\/sitio\/curso-de-oratoria\/","title":{"rendered":"Curso de \u00abORATORIA\u00bb"},"content":{"rendered":"\n<ul class=\"has-base-background-color has-background\">\n<li><strong>Mail de consulta del curso<\/strong>: cursosies9026@gmail.com<\/li>\n\n\n\n<li>La&nbsp;<strong>fecha de Inicio<\/strong>&nbsp;del cursado y<strong>&nbsp;Arancel<\/strong>&nbsp;se modifica a\u00f1o tras a\u00f1o.<\/li>\n\n\n\n<li>Tomar como referencia la fecha publicada en las redes sociales de la instituci\u00f3n.<\/li>\n<\/ul>\n\n\n\n<p class=\"has-base-3-color has-accent-background-color has-text-color has-background\">Las exigencias de nuestro presente nos invitan a ser generadores de espacios<br>conversacionales que nos permitan desarrollar la riqueza comunicativa que habita en cada uno,<br>desarrollar facultad de la oratoria es nuestra meta, estimulando la posibilidad de informar,<br>impactar, conmover y entretener por medio de la palabra.<br>Para poder concretar este objetivo, es indispensable potenciar a las personas, equipos y las<br>organizaciones. Esta gesti\u00f3n se realiza a trav\u00e9s del est\u00edmulo de competencias conversacionales<br>como saber escuchar, reconocer la elocuencia del lenguaje no verbal, manejar las emociones,<br>tener una dicci\u00f3n y entonaci\u00f3n adecuadas al contenido, reconocer al destinatario, desarrollar<br>habilidad discursiva como as\u00ed tambi\u00e9n realizar un buen uso vocal. El abordaje de estas<br>herramientas claves lo transforma en una propuesta y experiencia \u00fanica.<br>Contemplando estos aspectos, se podr\u00e1 optimizar la comunicaci\u00f3n personal e institucional,<br>obteniendo as\u00ed un nivel relacionado con la excelencia.<\/p>\n\n\n\n<ul>\n<li><strong>OBJETIVOS:<\/strong>\n<ul>\n<li>Optimizar la comunicaci\u00f3n en \u00e1mbitos laborales, sociales y familiares.<\/li>\n\n\n\n<li>Desarrollar un adecuado uso del lenguaje.<\/li>\n\n\n\n<li>Internalizar un adecuado uso de la voz, la dicci\u00f3n y la entonaci\u00f3n.<\/li>\n\n\n\n<li>Reconocer la elocuencia del lenguaje no verbal.<\/li>\n\n\n\n<li>Realizar un adecuado uso de los ademanes, la postura y los gestos.<\/li>\n\n\n\n<li>Tener la posibilidad de ser un buen improvisador.<\/li>\n\n\n\n<li>Conocer las partes de un discurso.<\/li>\n\n\n\n<li>Adecuar la comunicaci\u00f3n a cada situaci\u00f3n y grupo social.<\/li>\n\n\n\n<li>Reconocer al destinatario.<\/li>\n\n\n\n<li>Minimizar el miedo a hablar en p\u00fablico.<\/li>\n<\/ul>\n<\/li>\n\n\n\n<li><strong>DISTINCIONES:<\/strong>\n<ul>\n<li>Generalidades sobre la comunicaci\u00f3n del presente.<\/li>\n\n\n\n<li>Los cinco dominios del comunicador:<\/li>\n\n\n\n<li>\uf0b7 Dominio de la Oralidad: voz-dicci\u00f3n-entonaci\u00f3n.<\/li>\n\n\n\n<li>\uf0b7 Dominio Corporal: presencia esc\u00e9nica-lenguaje no verbal-pautas de ceremonial.<\/li>\n\n\n\n<li>\uf0b7 Dominio Discursivo: realizar discursos en funci\u00f3n de los objetivos.<\/li>\n\n\n\n<li>\uf0b7 Dominio de la Interacci\u00f3n: p\u00fablico y masa, tipos de p\u00fablico, c\u00f3mo establecer un buen contacto con el auditorio, manejo de imprevistos, interrupciones.<\/li>\n\n\n\n<li>\uf0b7 Dominio Emocional: seguridad personal, t\u00e9cnicas desactivadoras del miedo oratorio.<\/li>\n<\/ul>\n<\/li>\n<\/ul>\n\n\n\n<hr class=\"wp-block-separator has-alpha-channel-opacity\"\/>\n\n\n\n<p class=\"has-base-3-color has-accent-background-color has-text-color has-background\">Est\u00e1 dirigido a todo aquel que tenga inter\u00e9s en optimizar sus recursos conversacionales, especialmente a quienes hacen exposiciones frecuentes y exigidas como estudiantes universitarios, docentes, abogados, pol\u00edticos, agentes de venta, actores, locutores, periodistas, operadores telef\u00f3nicos, personal de atenci\u00f3n gastron\u00f3mica, empresarios, personal administrativo de mandos medios y gerenciales.<\/p>\n\n\n\n<hr class=\"wp-block-separator has-text-color has-accent-color has-alpha-channel-opacity has-accent-background-color has-background\"\/>\n\n\n\n<ul>\n<li><strong>DICTADO POR:<\/strong>&nbsp;Fernando Villanueva<\/li>\n\n\n\n<li><strong>RESOLUCI\u00d3N<\/strong>: 63\/26<\/li>\n\n\n\n<li><strong>MODALIDAD<\/strong>: Presencial<\/li>\n\n\n\n<li><strong>ENCUENTROS:<\/strong>\u00a05 encuentros. Sujetas a reprogramaci\u00f3n ante cualquier variaci\u00f3n e imprevisto.\n<ul>\n<li><strong>GRUPOS: elegir un s\u00f3lo grupo seg\u00fan el d\u00eda que quiere cursar:<\/strong> \n<ul>\n<li><strong><em>GRUPO 1\u00a0<\/em><\/strong>\u00a0d\u00edas\u00a0<strong><u>JUEVES<\/u><\/strong>, de 17 a 18:30 hs. 14\/05, 21\/05, 28\/05, 04\/06 y11\/6\u00a0\u00a0<\/li>\n\n\n\n<li><strong><em>GRUPO 2<\/em><\/strong>: d\u00edas\u00a0<strong><u>VIERNES<\/u><\/strong>, de 19:15 a 21 hs. 15\/05, 22\/05, 29\/05, 05\/06 y 12\/06.<\/li>\n\n\n\n<li><strong><em>GRUPO 3<\/em><\/strong>: d\u00edas\u00a0<strong>S\u00c1BADOS<\/strong>, de 9:30 a 12 hs.\u00a016\/05, 30\/5, 06\/06, 13\/06 y 27\/06<\/li>\n<\/ul>\n<\/li>\n<\/ul>\n<\/li>\n\n\n\n<li><strong>ARANCEL:<\/strong>\n<ul>\n<li>1 cuota de $40.000<\/li>\n\n\n\n<li>\u00f3 2 cuotas de $22.000<\/li>\n<\/ul>\n<\/li>\n\n\n\n<li>Confirmaci\u00f3n de inscripci\u00f3n \u00fanicamente con comprobante de pago, sin excepci\u00f3n<\/li>\n\n\n\n<li><strong>Medios de pago<\/strong>\n<ul>\n<li>Alias: patriagrande.vp<\/li>\n\n\n\n<li>Efectivo: en Cooperadora. Lunes, Mi\u00e9rcoles y Viernes de 15:30 a 21 hs, Martes y Jueves de 18 a 21 hs<\/li>\n<\/ul>\n<\/li>\n<\/ul>\n\n\n\n<h2 class=\"wp-block-heading\">Link de <a href=\"https:\/\/forms.gle\/iHZ5nsHEeWpX7T338\" target=\"_blank\" rel=\"noreferrer noopener\">INSCRIPCI\u00d3N<\/a><\/h2>\n\n\n\n<p>Sujeto a formaci\u00f3n del grupo, m\u00ednimo 11 personas.<\/p>\n\n\n\n<p><strong>Certificaci\u00f3n:<\/strong>&nbsp;Se entrega 10 d\u00edas h\u00e1biles luego de la terminaci\u00f3n del curso.<\/p>\n","protected":false},"excerpt":{"rendered":"<p>Las exigencias de nuestro presente nos invitan a ser generadores de espaciosconversacionales que nos permitan desarrollar la riqueza comunicativa que habita en cada uno,desarrollar facultad de la oratoria es nuestra meta, estimulando la posibilidad de informar,impactar, conmover y entretener por medio de la palabra.Para poder concretar este objetivo, es indispensable potenciar a las personas, equipos &#8230; <a title=\"Curso de \u00abORATORIA\u00bb\" class=\"read-more\" href=\"https:\/\/ies9026-infd.mendoza.edu.ar\/sitio\/curso-de-oratoria\/\" aria-label=\"More on Curso de \u00abORATORIA\u00bb\">[+]<\/a><\/p>\n","protected":false},"author":635,"featured_media":0,"comment_status":"closed","ping_status":"closed","sticky":false,"template":"","format":"standard","meta":[],"categories":[15],"tags":[],"acf":[],"_links":{"self":[{"href":"https:\/\/ies9026-infd.mendoza.edu.ar\/sitio\/wp-json\/wp\/v2\/posts\/3758"}],"collection":[{"href":"https:\/\/ies9026-infd.mendoza.edu.ar\/sitio\/wp-json\/wp\/v2\/posts"}],"about":[{"href":"https:\/\/ies9026-infd.mendoza.edu.ar\/sitio\/wp-json\/wp\/v2\/types\/post"}],"author":[{"embeddable":true,"href":"https:\/\/ies9026-infd.mendoza.edu.ar\/sitio\/wp-json\/wp\/v2\/users\/635"}],"replies":[{"embeddable":true,"href":"https:\/\/ies9026-infd.mendoza.edu.ar\/sitio\/wp-json\/wp\/v2\/comments?post=3758"}],"version-history":[{"count":6,"href":"https:\/\/ies9026-infd.mendoza.edu.ar\/sitio\/wp-json\/wp\/v2\/posts\/3758\/revisions"}],"predecessor-version":[{"id":4143,"href":"https:\/\/ies9026-infd.mendoza.edu.ar\/sitio\/wp-json\/wp\/v2\/posts\/3758\/revisions\/4143"}],"wp:attachment":[{"href":"https:\/\/ies9026-infd.mendoza.edu.ar\/sitio\/wp-json\/wp\/v2\/media?parent=3758"}],"wp:term":[{"taxonomy":"category","embeddable":true,"href":"https:\/\/ies9026-infd.mendoza.edu.ar\/sitio\/wp-json\/wp\/v2\/categories?post=3758"},{"taxonomy":"post_tag","embeddable":true,"href":"https:\/\/ies9026-infd.mendoza.edu.ar\/sitio\/wp-json\/wp\/v2\/tags?post=3758"}],"curies":[{"name":"wp","href":"https:\/\/api.w.org\/{rel}","templated":true}]}}